{"id":3038,"date":"2022-08-26T16:51:19","date_gmt":"2022-08-26T16:51:19","guid":{"rendered":"https:\/\/cipalam.com.br\/coleta-seletiva-e-tema-durante-evento-realizado-na-cipalam\/"},"modified":"2022-09-26T13:11:44","modified_gmt":"2022-09-26T13:11:44","slug":"semana-del-medioambiente-colecta-selectiva-es-tema-durante-evento-en-cipalam","status":"publish","type":"post","link":"https:\/\/cipalam.com.br\/es\/semana-del-medioambiente-colecta-selectiva-es-tema-durante-evento-en-cipalam\/","title":{"rendered":"Semana del medioambiente: Colecta Selectiva es tema durante evento en Cipalam"},"content":{"rendered":"<p><em>Colaboradores se involucran en diversas actividades y estrategias que refuerzan el compromiso de la empresa.<\/em><\/p>\n<p>Reconocidamente comprometida con las practicas sostenibles, Cipalam promovi\u00f3 un evento que moviliz\u00f3 los trabajadores durante la semana del medioambiente. El tema fue la Colecta Selectiva y nuestro equipo particip\u00f3 en diversas actividades y estrategias que reforzaron nuestro compromiso y nuestra relaci\u00f3n de respeto y cercan\u00eda con la comunidad donde actuamos.<\/p>\n<p><em>\u201cEntendemos que la consciencia ambiental est\u00e1 directamente relacionada a la sostenibilidad. Y ser sostenible significa poner en pr\u00e1ctica la preservaci\u00f3n de los recursos naturales.\u201d Destaca oxoxoxxoxox, director xoxoxox.<\/em><\/p>\n<p>En las dos unidades, Igua\u00e7u e Santana do Para\u00edso, colaboradores ya practican acciones que buscan eliminar o reducir los impactos sobre el medioambiente.<\/p>\n<p>Se entregaron a los participantes squeezes y tazas, para que no tengan que usar vasos desechables en la empresa. Recibieron credenciales de pol\u00edtica de gesti\u00f3n integrada, para despertar y promover la consciencia ambiental: cultura de excelencia en los trabajos, calidad de los productos y procesos, sostenibilidad ambiental, compromiso social y satisfacci\u00f3n basadas en los valores y directrices de gobernanza corporativa y medioambiente.<\/p>\n<p>Entre juegos y di\u00e1logos, los participantes tuvieron la oportunidad de conocer el trabajo de ACASP Asociaci\u00f3n de Catadores de Santana do Para\u00edso, que desarrolla el trabajo de colecta selectiva en el municipio, y pudieron aprender y difundir la cultura ambiental en su trabajo diario a trav\u00e9s de un concurso, organizado por los ni\u00f1os del Instituto Cipalam, el brazo social de la empresa.<\/p>\n<p><em>\u201cSabemos la importancia del cuidado del medio ambiente y fomentamos esta cultura dentro de nuestra empresa. Al fin y al cabo, las acciones de hoy reflejan no solo en nuestra vida diaria, sino tambi\u00e9n el futuro de nuestras generaciones. Vivimos la sostenibilidad en nuestro d\u00eda a d\u00eda.\u201d Finaliza oxoxoxoxox.<\/em><\/p>\n","protected":false},"excerpt":{"rendered":"<p>Colaboradores se involucran en diversas actividades y estrategias que refuerzan el compromiso de la empresa. Reconocidamente comprometida con las practicas sostenibles, Cipalam promovi\u00f3 un evento que moviliz\u00f3 los trabajadores durante la semana del medioambiente. El tema fue la Colecta Selectiva y nuestro equipo particip\u00f3 en diversas actividades y estrategias que reforzaron nuestro compromiso y nuestra [&hellip;]<\/p>\n","protected":false},"author":1,"featured_media":1686,"comment_status":"open","ping_status":"open","sticky":false,"template":"","format":"standard","meta":{"_acf_changed":false,"site-sidebar-layout":"default","site-content-layout":"","ast-site-content-layout":"default","site-content-style":"default","site-sidebar-style":"default","ast-global-header-display":"","ast-banner-title-visibility":"","ast-main-header-display":"","ast-hfb-above-header-display":"","ast-hfb-below-header-display":"","ast-hfb-mobile-header-display":"","site-post-title":"","ast-breadcrumbs-content":"","ast-featured-img":"","footer-sml-layout":"","ast-disable-related-posts":"","theme-transparent-header-meta":"","adv-header-id-meta":"","stick-header-meta":"","header-above-stick-meta":"","header-main-stick-meta":"","header-below-stick-meta":"","astra-migrate-meta-layouts":"default","ast-page-background-enabled":"default","ast-page-background-meta":{"desktop":{"background-color":"var(--ast-global-color-4)","background-image":"","background-repeat":"repeat","background-position":"center center","background-size":"auto","background-attachment":"scroll","background-type":"","background-media":"","overlay-type":"","overlay-color":"","overlay-opacity":"","overlay-gradient":""},"tablet":{"background-color":"","background-image":"","background-repeat":"repeat","background-position":"center center","background-size":"auto","background-attachment":"scroll","background-type":"","background-media":"","overlay-type":"","overlay-color":"","overlay-opacity":"","overlay-gradient":""},"mobile":{"background-color":"","background-image":"","background-repeat":"repeat","background-position":"center center","background-size":"auto","background-attachment":"scroll","background-type":"","background-media":"","overlay-type":"","overlay-color":"","overlay-opacity":"","overlay-gradient":""}},"ast-content-background-meta":{"desktop":{"background-color":"var(--ast-global-color-5)","background-image":"","background-repeat":"repeat","background-position":"center center","background-size":"auto","background-attachment":"scroll","background-type":"","background-media":"","overlay-type":"","overlay-color":"","overlay-opacity":"","overlay-gradient":""},"tablet":{"background-color":"var(--ast-global-color-5)","background-image":"","background-repeat":"repeat","background-position":"center center","background-size":"auto","background-attachment":"scroll","background-type":"","background-media":"","overlay-type":"","overlay-color":"","overlay-opacity":"","overlay-gradient":""},"mobile":{"background-color":"var(--ast-global-color-5)","background-image":"","background-repeat":"repeat","background-position":"center center","background-size":"auto","background-attachment":"scroll","background-type":"","background-media":"","overlay-type":"","overlay-color":"","overlay-opacity":"","overlay-gradient":""}},"footnotes":""},"categories":[92],"tags":[89,90],"class_list":["post-3038","post","type-post","status-publish","format-standard","has-post-thumbnail","hentry","category-semana-do-meio-ambiente-es","tag-tag1-es","tag-tag2-es"],"acf":[],"_links":{"self":[{"href":"https:\/\/cipalam.com.br\/es\/wp-json\/wp\/v2\/posts\/3038","targetHints":{"allow":["GET"]}}],"collection":[{"href":"https:\/\/cipalam.com.br\/es\/wp-json\/wp\/v2\/posts"}],"about":[{"href":"https:\/\/cipalam.com.br\/es\/wp-json\/wp\/v2\/types\/post"}],"author":[{"embeddable":true,"href":"https:\/\/cipalam.com.br\/es\/wp-json\/wp\/v2\/users\/1"}],"replies":[{"embeddable":true,"href":"https:\/\/cipalam.com.br\/es\/wp-json\/wp\/v2\/comments?post=3038"}],"version-history":[{"count":0,"href":"https:\/\/cipalam.com.br\/es\/wp-json\/wp\/v2\/posts\/3038\/revisions"}],"wp:featuredmedia":[{"embeddable":true,"href":"https:\/\/cipalam.com.br\/es\/wp-json\/wp\/v2\/media\/1686"}],"wp:attachment":[{"href":"https:\/\/cipalam.com.br\/es\/wp-json\/wp\/v2\/media?parent=3038"}],"wp:term":[{"taxonomy":"category","embeddable":true,"href":"https:\/\/cipalam.com.br\/es\/wp-json\/wp\/v2\/categories?post=3038"},{"taxonomy":"post_tag","embeddable":true,"href":"https:\/\/cipalam.com.br\/es\/wp-json\/wp\/v2\/tags?post=3038"}],"curies":[{"name":"wp","href":"https:\/\/api.w.org\/{rel}","templated":true}]}}